{"id":10844,"date":"2026-03-16T10:22:09","date_gmt":"2026-03-16T10:22:09","guid":{"rendered":"https:\/\/vidnova.org\/was-koennen-wir-als-zivilgesellschaft-von-der-ukraine-lernen\/"},"modified":"2026-07-01T10:03:23","modified_gmt":"2026-07-01T09:03:23","slug":"was-koennen-wir-als-zivilgesellschaft-von-der-ukraine-lernen","status":"publish","type":"post","link":"https:\/\/vidnova.org\/de\/was-koennen-wir-als-zivilgesellschaft-von-der-ukraine-lernen\/","title":{"rendered":"Was k\u00f6nnen wir als Zivilgesellschaft von der Ukraine lernen?"},"content":{"rendered":"\n<div class=\"wp-block-group has-white-background-color has-background is-layout-constrained wp-container-core-group-is-layout-595a4786 wp-block-group-is-layout-constrained\" style=\"border-top-left-radius:12px;border-top-right-radius:12px;border-bottom-left-radius:12px;border-bottom-right-radius:12px;padding-top:1em;padding-right:1em;padding-bottom:1em;padding-left:1em\">\n<p class=\"wp-block-paragraph\" id=\"3f38\">Am 22. Februar 2026 veranstalteten wir unser 4. Vidnova Forum \u2013 ein Treffen in kleinem Kreis als Auftakt zum Caf\u00e9 Kyiv \u2013 zum Thema <strong>\u201eVereint f\u00fcr L\u00f6sungen \u2013 wie inspiriert die Ukraine heute zum Engagement?\u201c<\/strong><\/p>\n\n\n\n<p class=\"wp-block-paragraph\" id=\"e9ab\">Rund 70 zivilgesellschaftliche Akteure und Verb\u00fcndete, die sich f\u00fcr die Ukraine und die Demokratie in Europa engagieren, kamen zusammen. Unsere Gesch\u00e4ftsf\u00fchrerin, Annegret Wulff, hielt eine inspirierende Er\u00f6ffnungsrede, in der sie die wichtigen Lehren hervorhob, die wir noch immer aus dem Ukraine-Krieg ziehen, und erinnerte an den vierten Jahrestag. Lesen Sie die vollst\u00e4ndige Rede unten.  <\/p>\n\n\n\n<p class=\"wp-block-paragraph\" id=\"8e8d\"><em>Diese Veranstaltung wurde von Commit gGmbH in Zusammenarbeit mit<\/em> <a href=\"https:\/\/open-platform.eu\/\" target=\"_blank\" rel=\"noreferrer noopener\"><em>Open Platform<\/em><\/a> <em>und der<\/em> <a href=\"https:\/\/www.instagram.com\/ukr_alliance\/\" target=\"_blank\" rel=\"noreferrer noopener\"><em>Allianz ukrainischer Organisationen<\/em><\/a> organisiert <em>und von der<\/em> <a href=\"https:\/\/www.bosch-stiftung.de\/de\" target=\"_blank\" rel=\"noreferrer noopener\"><em>Robert Bosch Stiftung<\/em><\/a> finanziert.<em> <\/em><em>und der Europ\u00e4ischen Union im Rahmen des Projekts Resilient Democracies.<\/em><\/p>\n\n\n\n<p class=\"wp-block-paragraph\" id=\"ead5\">\u00dcber das Caf\u00e9 Kyiv:<br\/> Es begann im Jahr 2023 als eint\u00e4gige Veranstaltung, die sich der St\u00e4rkung ukrainischer Stimmen, Perspektiven und Kultur widmete. Initiiert wurde sie von der <a href=\"https:\/\/www.kas.de\/en\/home\" rel=\"noreferrer noopener\" target=\"_blank\">Konrad-Adenauer-Stiftung<\/a> und wird in Zusammenarbeit mit Partnerorganisationen durchgef\u00fchrt. Dabei werden politische Podiumsdiskussionen, Wissenschaft, kulturelle Mini-Veranstaltungen und Networking in einem ganzt\u00e4gigen Festivalformat kombiniert.<\/p>\n<\/div>\n\n<figure class=\"wp-block-image alignwide size-large\"><img fetchpriority=\"high\" decoding=\"async\" width=\"1024\" height=\"683\" src=\"https:\/\/vidnova.org\/wp-content\/uploads\/2026\/03\/Vidnova-Forum-2026-Opening-01-1024x683.webp\" alt=\"\" class=\"wp-image-9750\" srcset=\"https:\/\/vidnova.org\/wp-content\/uploads\/2026\/03\/Vidnova-Forum-2026-Opening-01-1024x683.webp 1024w, https:\/\/vidnova.org\/wp-content\/uploads\/2026\/03\/Vidnova-Forum-2026-Opening-01-300x200.webp 300w, https:\/\/vidnova.org\/wp-content\/uploads\/2026\/03\/Vidnova-Forum-2026-Opening-01-768x512.webp 768w, https:\/\/vidnova.org\/wp-content\/uploads\/2026\/03\/Vidnova-Forum-2026-Opening-01-1536x1024.webp 1536w, https:\/\/vidnova.org\/wp-content\/uploads\/2026\/03\/Vidnova-Forum-2026-Opening-01-2048x1365.webp 2048w\" sizes=\"(max-width: 1024px) 100vw, 1024px\" \/><figcaption class=\"wp-element-caption\">Foto: Olga Zarko<\/figcaption><\/figure>\n\n<p class=\"wp-block-paragraph\" id=\"13ed\">\u201eWir versammeln uns in einer Zeit, in der Begriffe wie <strong>Widerstandsf\u00e4higkeit, Solidarit\u00e4t und Zusammenarbeit<\/strong> h\u00e4ufig verwendet werden.\u201c<\/p>\n\n<p class=\"wp-block-paragraph\" id=\"3525\">Manchmal fast zu einfach.<\/p>\n\n<p class=\"wp-block-paragraph\" id=\"84bf\">Und doch, wenn wir die Ukraine betrachten, gewinnen diese Worte wieder an Bedeutung.<\/p>\n\n<p class=\"wp-block-paragraph\" id=\"a6d5\">Sie werden real. Konkret. Erlebt.  <\/p>\n\n<p class=\"wp-block-paragraph\" id=\"495e\">Ich m\u00f6chte eine zentrale Frage stellen:<\/p>\n\n<p class=\"wp-block-paragraph\" id=\"dbb9\"><strong>Was k\u00f6nnen wir aus der Ukraine lernen \u2013 insbesondere als Zivilgesellschaft?<\/strong><\/p>\n\n<p class=\"wp-block-paragraph\" id=\"92ab\">Nicht auf romantisierte Weise. Nicht durch Heldenerz\u00e4hlungen.<br\/> Aber durch eine ehrliche Selbstreflexion dar\u00fcber, wozu Gesellschaften f\u00e4hig sind, wenn sie beschlie\u00dfen, nicht aufzugeben. <\/p>\n\n<p class=\"wp-block-paragraph\" id=\"b469\">Eine der wichtigsten Lehren aus der Ukraine ist diese:<\/p>\n\n<p class=\"wp-block-paragraph\" id=\"f9ce\"><strong>Wenn ein Land und seine Institutionen brutal angegriffen werden und unter Druck geraten, wenn die Sicherheit fragil ist und Unsicherheit zur t\u00e4glichen Realit\u00e4t wird \u2013 dann ist es oft die Zivilgesellschaft, die den Zusammenhalt aufrechterh\u00e4lt.<\/strong><\/p>\n\n<p class=\"wp-block-paragraph\" id=\"9597\">Lokale Initiativen organisieren Unterst\u00fctzung.<br\/> Journalisten verteidigen die Wahrheit.<br\/> Kulturelle Akteure bewahren die Identit\u00e4t.<br\/> Freiwillige koordinieren die Logistik in einem Tempo, das viele staatliche Systeme vor Herausforderungen stellen w\u00fcrde.<br\/> Gemeinschaften k\u00fcmmern sich umeinander \u2013 ganz praktisch, nicht nur rhetorisch.<\/p>\n\n<p class=\"wp-block-paragraph\" id=\"3a5a\">Das ist kein Heldentum. Das ist Verantwortung, die ernst genommen wird. <\/p>\n\n<p class=\"wp-block-paragraph\" id=\"7035\">Die Ukraine erinnert uns daran, dass Demokratie nicht existiert, weil sie in einer Verfassung steht. Sie existiert, weil die Menschen gem\u00e4\u00df ihrem Namen handeln. <\/p>\n\n<p class=\"wp-block-paragraph\" id=\"02c9\">Und das ist eine wichtige Mahnung f\u00fcr uns alle in Europa.<\/p>\n\n<p class=\"wp-block-paragraph\" id=\"6252\">Demokratie ist nicht selbsterhaltend.<br\/> Solidarit\u00e4t entsteht nicht automatisch.<br\/> Freiheit ist nicht garantiert.<\/p>\n\n<p class=\"wp-block-paragraph\" id=\"a2ca\">Sie werden aufrechterhalten \u2013 von unten nach oben.<\/p>\n\n<figure class=\"wp-block-image alignwide size-large\"><img decoding=\"async\" width=\"1024\" height=\"683\" src=\"https:\/\/vidnova.org\/wp-content\/uploads\/2026\/03\/Vidnova-Forum-2026-Opening-02-1024x683.webp\" alt=\"\" class=\"wp-image-9751\" srcset=\"https:\/\/vidnova.org\/wp-content\/uploads\/2026\/03\/Vidnova-Forum-2026-Opening-02-1024x683.webp 1024w, https:\/\/vidnova.org\/wp-content\/uploads\/2026\/03\/Vidnova-Forum-2026-Opening-02-300x200.webp 300w, https:\/\/vidnova.org\/wp-content\/uploads\/2026\/03\/Vidnova-Forum-2026-Opening-02-768x512.webp 768w, https:\/\/vidnova.org\/wp-content\/uploads\/2026\/03\/Vidnova-Forum-2026-Opening-02-1536x1024.webp 1536w, https:\/\/vidnova.org\/wp-content\/uploads\/2026\/03\/Vidnova-Forum-2026-Opening-02-2048x1365.webp 2048w\" sizes=\"(max-width: 1024px) 100vw, 1024px\" \/><figcaption class=\"wp-element-caption\">Foto: Olga Zarko<\/figcaption><\/figure>\n\n<p class=\"wp-block-paragraph\" id=\"2f23\"><strong>Welche St\u00e4rke liegt in den von unten nach oben gerichteten Strukturen?<\/strong><\/p>\n\n<p class=\"wp-block-paragraph\" id=\"165c\">In Krisenzeiten besteht die Tendenz, nur auf Regierungen, milit\u00e4rische Kapazit\u00e4ten und Verhandlungen auf h\u00f6chster Ebene zu blicken.<\/p>\n\n<p class=\"wp-block-paragraph\" id=\"8b20\">Doch die Ukraine zeigt uns, dass gesellschaftliche St\u00e4rke strategische St\u00e4rke ist.<\/p>\n\n<p class=\"wp-block-paragraph\" id=\"c90f\">Wenn B\u00fcrger einander vertrauen.<br\/> Wenn Netzwerke funktionieren.<br\/> Wenn sich Gemeinschaften selbst organisieren.<br\/> Wenn Menschen sich f\u00fcr die Zukunft ihres Landes verantwortlich f\u00fchlen.<\/p>\n\n<p class=\"wp-block-paragraph\" id=\"9e88\">Von unten nach oben aufgebaute Strukturen k\u00f6nnen enormem Druck standhalten. Sie k\u00f6nnen sich schnell anpassen. Sie k\u00f6nnen auch unter beengten Verh\u00e4ltnissen innovativ sein.  <\/p>\n\n<p class=\"wp-block-paragraph\" id=\"1e5e\">Und das sollte uns zu folgender Frage f\u00fchren:<\/p>\n\n<p class=\"wp-block-paragraph\" id=\"a7fa\">Wie widerstandsf\u00e4hig sind unsere Gesellschaften?<br\/>Wie gut sind unsere Gemeinschaften vernetzt?<br\/>Wie gut sind wir darauf vorbereitet zu handeln \u2013 und nicht nur zu kommentieren?<\/p>\n\n<p class=\"wp-block-paragraph\" id=\"8fd3\"><strong>Warum ist internationale Zusammenarbeit heute wichtiger denn je?<\/strong><\/p>\n\n<p class=\"wp-block-paragraph\" id=\"028c\">Eine weitere Lektion ist die gegenseitige Abh\u00e4ngigkeit.<\/p>\n\n<p class=\"wp-block-paragraph\" id=\"02ad\">Der Kampf der Ukraine ist kein Einzelfall.<br\/> Dieser Krieg ist ein Angriff auf uns alle.<br\/> Seine Zukunft ist nicht nur nationaler Natur.<br\/> Es ist zutiefst europ\u00e4isch.<\/p>\n\n<p class=\"wp-block-paragraph\" id=\"a14b\">Und damit auch die Verantwortung.<\/p>\n\n<p class=\"wp-block-paragraph\" id=\"491b\">Internationale Zusammenarbeit ist kein Akt der Wohlt\u00e4tigkeit. Sie ist Ausdruck gemeinsamer Interessen und gemeinsamer Werte. <\/p>\n\n<p class=\"wp-block-paragraph\" id=\"1623\">Wenn zivilgesellschaftliche Akteure grenz\u00fcberschreitend zusammenarbeiten, geschehen drei Dinge:<\/p>\n\n<p class=\"wp-block-paragraph\" id=\"7ae2\">Wir st\u00e4rken den Wissensaustausch.<br\/> Wir schaffen Vertrauen jenseits politischer Zyklen.<br\/> Wir bauen langfristige Partnerschaften auf, die auch die Schlagzeilen \u00fcberdauern.<\/p>\n\n<p class=\"wp-block-paragraph\" id=\"e87f\">Die l\u00e4nder\u00fcbergreifende Zusammenarbeit erm\u00f6glicht es uns, der Illusion zu entgehen, dass wir komplexe Herausforderungen allein bew\u00e4ltigen k\u00f6nnen.<\/p>\n\n<p class=\"wp-block-paragraph\" id=\"7700\">Es erinnert uns auch daran, dass Solidarit\u00e4t nicht nur symbolisch ist.<\/p>\n\n<p class=\"wp-block-paragraph\" id=\"1e7e\">Es ist praktisch.<\/p>\n\n<p class=\"wp-block-paragraph\" id=\"be3e\">Es bedeutet, pr\u00e4sent zu sein.<br\/> Es bedeutet Zuh\u00f6ren.<br\/> Das bedeutet, unsere eigenen Annahmen anzupassen.<br\/> Es bedeutet, engagiert zu bleiben, auch wenn sich die Aufmerksamkeit woandershin verlagert.<\/p>\n\n<p class=\"wp-block-paragraph\" id=\"3b83\"><strong>Es geht um Solidarit\u00e4t \u2013 ohne Heldenverehrung.<\/strong><\/p>\n\n<figure class=\"wp-block-image alignwide size-large\"><img decoding=\"async\" width=\"1024\" height=\"683\" src=\"https:\/\/vidnova.org\/wp-content\/uploads\/2026\/03\/Vidnova-Forum-2026-Opening-04-1024x683.webp\" alt=\"\" class=\"wp-image-9752\" srcset=\"https:\/\/vidnova.org\/wp-content\/uploads\/2026\/03\/Vidnova-Forum-2026-Opening-04-1024x683.webp 1024w, https:\/\/vidnova.org\/wp-content\/uploads\/2026\/03\/Vidnova-Forum-2026-Opening-04-300x200.webp 300w, https:\/\/vidnova.org\/wp-content\/uploads\/2026\/03\/Vidnova-Forum-2026-Opening-04-768x512.webp 768w, https:\/\/vidnova.org\/wp-content\/uploads\/2026\/03\/Vidnova-Forum-2026-Opening-04-1536x1024.webp 1536w, https:\/\/vidnova.org\/wp-content\/uploads\/2026\/03\/Vidnova-Forum-2026-Opening-04-2048x1365.webp 2048w\" sizes=\"(max-width: 1024px) 100vw, 1024px\" \/><figcaption class=\"wp-element-caption\">Foto: Olga Zarko<\/figcaption><\/figure>\n\n<p class=\"wp-block-paragraph\" id=\"c447\">Wenn wir \u00fcber die Ukraine sprechen, m\u00fcssen wir vorsichtig sein.<\/p>\n\n<p class=\"wp-block-paragraph\" id=\"1aab\">Es besteht die Gefahr, Resilienz zu einer romantischen Erz\u00e4hlung zu verkl\u00e4ren. Doch Resilienz entsteht oft aus Notwendigkeit, nicht aus freier Wahl. <\/p>\n\n<p class=\"wp-block-paragraph\" id=\"c6a9\">Solidarit\u00e4t sollte daher nicht Bewunderung aus der Ferne bedeuten.<\/p>\n\n<p class=\"wp-block-paragraph\" id=\"6c31\">Es sollte eine Partnerschaft auf Augenh\u00f6he bedeuten.<\/p>\n\n<p class=\"wp-block-paragraph\" id=\"5faf\">Sich mit der Ukraine zu solidarisieren bedeutet:<\/p>\n\n<p class=\"wp-block-paragraph\" id=\"fc34\">Ukrainische Stimmen ernst nehmen.<br\/> Engagement f\u00fcr eine langfristige Zusammenarbeit.<br\/> Unterst\u00fctzung zivilgesellschaftlicher Infrastrukturen.<br\/> In der Erkenntnis, dass Wiederaufbau nicht nur physischer, sondern auch gesellschaftlicher Natur ist.<\/p>\n\n<p class=\"wp-block-paragraph\" id=\"3c01\">Und es bedeutet auch, \u00fcber unsere Verantwortung nachzudenken.<\/p>\n\n<p class=\"wp-block-paragraph\" id=\"0857\">Welche Art von Europa wollen wir gemeinsam aufbauen?<br\/>Welche Art von demokratischer Kultur wollen wir verteidigen?<\/p>\n\n<p class=\"wp-block-paragraph\" id=\"9263\">Dies f\u00fchrt mich zu einer letzten \u00dcberlegung:<\/p>\n\n<p class=\"wp-block-paragraph\" id=\"9b50\"><strong>Wie sehr kann die Gesellschaft tats\u00e4chlich von unten nach oben gestaltet und aufrechterhalten werden?<\/strong><\/p>\n\n<p class=\"wp-block-paragraph\" id=\"11bc\">Die ehrliche und einfache Antwort lautet:<br\/> Eine Menge \u2013 aber nicht allein.<\/p>\n\n<p class=\"wp-block-paragraph\" id=\"d39a\">Die Zivilgesellschaft kann mobilisieren.<br\/> Innovieren.<br\/> Erzeugen Sie Druck.<br\/> Vernetzen Sie Menschen \u00fcber Abteilungen hinweg.<br\/> Demokratische Normen sch\u00fctzen.<\/p>\n\n<p class=\"wp-block-paragraph\" id=\"e31a\">Aber es braucht auch Platz.<br\/> Es ben\u00f6tigt Ressourcen.<br\/> Es ben\u00f6tigt politische Rahmenbedingungen, die es ihm erm\u00f6glichen, frei zu agieren.<\/p>\n\n<p class=\"wp-block-paragraph\" id=\"0e3a\">Die Lehre aus der Ukraine ist nicht, dass die Zivilgesellschaft den Staat ersetzt.<br\/> Die Lehre daraus ist, dass starke Gesellschaften und funktionierende Institutionen sich gegenseitig st\u00e4rken m\u00fcssen.<\/p>\n\n<p class=\"wp-block-paragraph\" id=\"6072\">Die von unten kommende Energie und die von oben kommende Verantwortung m\u00fcssen aufeinander abgestimmt sein.<\/p>\n\n<p class=\"wp-block-paragraph\" id=\"2135\">Diese Angleichung ist etwas, woran wir aktiv arbeiten m\u00fcssen \u2013 in Deutschland, in der Ukraine und in ganz Europa.<\/p>\n\n<p class=\"wp-block-paragraph\" id=\"2aac\">Als Commit sind wir genau in diesem Bereich t\u00e4tig.<\/p>\n\n<p class=\"wp-block-paragraph\" id=\"5394\">Wir glauben an die Kraft des b\u00fcrgerschaftlichen Engagements.<br\/> Wir glauben an grenz\u00fcberschreitende Zusammenarbeit.<br\/> Wir glauben, dass Netzwerke wichtig sind.<\/p>\n\n<p class=\"wp-block-paragraph\" id=\"da5a\">Und wir glauben, dass europ\u00e4ische Solidarit\u00e4t gelebt und nicht nur verk\u00fcndet werden muss.<\/p>\n\n<p class=\"wp-block-paragraph\" id=\"5424\">Die eigentliche Frage ist nicht nur, was wir von der Ukraine lernen. Die eigentliche Frage ist: <\/p>\n\n<p class=\"wp-block-paragraph\" id=\"27df\"><strong>Was fangen wir mit diesen Erkenntnissen an?<\/strong><\/p>\n\n<p class=\"wp-block-paragraph\" id=\"087c\">Wie k\u00f6nnen wir unsere Partnerschaften st\u00e4rken?<br\/>Wie schaffen wir nachhaltige Kooperationsformate?<br\/>Wie k\u00f6nnen wir sicherstellen, dass die Zivilgesellschaft in Zeiten der Unsicherheit eine stabilisierende Kraft bleibt?<\/p>\n\n<p class=\"wp-block-paragraph\" id=\"68fd\">Die Ukraine lehrt uns, dass die Gesellschaft eine wichtige Rolle spielt.<br\/> Dass b\u00fcrgerlicher Mut z\u00e4hlt.<br\/> Diese Zusammenarbeit ist wichtig.<\/p>\n\n<p class=\"wp-block-paragraph\" id=\"3ef4\">Nicht weil es inspirierend klingt, sondern weil es sich als unerl\u00e4sslich erweist.<\/p>\n\n<p class=\"wp-block-paragraph\" id=\"61c9\">Lasst uns diesen Moment nicht nur nutzen, um Solidarit\u00e4t zu bekunden, sondern auch, um die Zusammenarbeit zu vertiefen. Lasst uns heute an der Seite der Ukraine stehen und gemeinsam ein Europa aufbauen, das widerstandsf\u00e4hig, demokratisch und von unten nach oben vernetzt ist.\u201c <\/p>\n\n<figure class=\"wp-block-image alignwide size-large\"><img loading=\"lazy\" decoding=\"async\" width=\"1024\" height=\"683\" src=\"https:\/\/vidnova.org\/wp-content\/uploads\/2026\/03\/Vidnova-Forum-2026-Opening-03-1024x683.webp\" alt=\"\" class=\"wp-image-9753\" srcset=\"https:\/\/vidnova.org\/wp-content\/uploads\/2026\/03\/Vidnova-Forum-2026-Opening-03-1024x683.webp 1024w, https:\/\/vidnova.org\/wp-content\/uploads\/2026\/03\/Vidnova-Forum-2026-Opening-03-300x200.webp 300w, https:\/\/vidnova.org\/wp-content\/uploads\/2026\/03\/Vidnova-Forum-2026-Opening-03-768x512.webp 768w, https:\/\/vidnova.org\/wp-content\/uploads\/2026\/03\/Vidnova-Forum-2026-Opening-03-1536x1024.webp 1536w, https:\/\/vidnova.org\/wp-content\/uploads\/2026\/03\/Vidnova-Forum-2026-Opening-03-2048x1365.webp 2048w\" sizes=\"(max-width: 1024px) 100vw, 1024px\" \/><figcaption class=\"wp-element-caption\">Foto: Olga Zarko<\/figcaption><\/figure>\n","protected":false},"excerpt":{"rendered":"<p>Er\u00f6ffnungsrede von Annegret Wulff, 4. Vidnova Forum<\/p>\n","protected":false},"author":1,"featured_media":10843,"comment_status":"closed","ping_status":"closed","sticky":false,"template":"","format":"standard","meta":{"_acf_changed":false,"_seopress_titles_title":"","_seopress_titles_desc":"","_seopress_robots_index":"","_seopress_robots_follow":"","_seopress_robots_imageindex":"","_seopress_robots_snippet":"","_seopress_robots_primary_cat":"none","_seopress_robots_breadcrumbs":"","_seopress_robots_freeze_modified_date":"","_seopress_robots_custom_modified_date":"","_seopress_robots_canonical":"","_seopress_social_fb_title":"","_seopress_social_fb_desc":"","_seopress_social_fb_img":"","_seopress_social_fb_img_attachment_id":0,"_seopress_social_fb_img_width":0,"_seopress_social_fb_img_height":0,"_seopress_social_twitter_title":"","_seopress_social_twitter_desc":"","_seopress_social_twitter_img":"","_seopress_social_twitter_img_attachment_id":0,"_seopress_social_twitter_img_width":0,"_seopress_social_twitter_img_height":0,"_seopress_redirections_value":"","_seopress_redirections_enabled":"","_seopress_redirections_enabled_regex":"","_seopress_redirections_logged_status":"","_seopress_redirections_param":"","_seopress_redirections_type":0,"_seopress_analysis_target_kw":"","_seopress_news_disabled":"","_seopress_video_disabled":"","_seopress_video":[],"_seopress_pro_schemas_manual":[],"_seopress_pro_rich_snippets_disable_all":"","_seopress_pro_rich_snippets_disable":[],"_seopress_pro_schemas":[],"footnotes":""},"categories":[128],"tags":[],"medium":[73],"class_list":["post-10844","post","type-post","status-publish","format-standard","has-post-thumbnail","hentry","category-zum-lesen","medium-local"],"acf":[],"_links":{"self":[{"href":"https:\/\/vidnova.org\/de\/wp-json\/wp\/v2\/posts\/10844","targetHints":{"allow":["GET"]}}],"collection":[{"href":"https:\/\/vidnova.org\/de\/wp-json\/wp\/v2\/posts"}],"about":[{"href":"https:\/\/vidnova.org\/de\/wp-json\/wp\/v2\/types\/post"}],"author":[{"embeddable":true,"href":"https:\/\/vidnova.org\/de\/wp-json\/wp\/v2\/users\/1"}],"replies":[{"embeddable":true,"href":"https:\/\/vidnova.org\/de\/wp-json\/wp\/v2\/comments?post=10844"}],"version-history":[{"count":1,"href":"https:\/\/vidnova.org\/de\/wp-json\/wp\/v2\/posts\/10844\/revisions"}],"predecessor-version":[{"id":10848,"href":"https:\/\/vidnova.org\/de\/wp-json\/wp\/v2\/posts\/10844\/revisions\/10848"}],"wp:featuredmedia":[{"embeddable":true,"href":"https:\/\/vidnova.org\/de\/wp-json\/wp\/v2\/media\/10843"}],"wp:attachment":[{"href":"https:\/\/vidnova.org\/de\/wp-json\/wp\/v2\/media?parent=10844"}],"wp:term":[{"taxonomy":"category","embeddable":true,"href":"https:\/\/vidnova.org\/de\/wp-json\/wp\/v2\/categories?post=10844"},{"taxonomy":"post_tag","embeddable":true,"href":"https:\/\/vidnova.org\/de\/wp-json\/wp\/v2\/tags?post=10844"},{"taxonomy":"medium","embeddable":true,"href":"https:\/\/vidnova.org\/de\/wp-json\/wp\/v2\/medium?post=10844"}],"curies":[{"name":"wp","href":"https:\/\/api.w.org\/{rel}","templated":true}]}}